   {"id":1051,"date":"2026-08-24T16:22:48","date_gmt":"2026-08-24T16:22:48","guid":{"rendered":"https:\/\/pluralizar.org\/?p=1051"},"modified":"2026-08-26T14:22:39","modified_gmt":"2026-08-26T14:22:39","slug":"la-depresion-como-potencia-creadora","status":"publish","type":"post","link":"https:\/\/pluralizar.org\/index.php\/2026\/08\/24\/la-depresion-como-potencia-creadora\/","title":{"rendered":"La depresi\u00f3n como potencia creadora"},"content":{"rendered":"","protected":false},"excerpt":{"rendered":"","protected":false},"author":5,"featured_media":1064,"comment_status":"open","ping_status":"open","sticky":false,"template":"","format":"standard","meta":{"_acf_changed":false,"footnotes":""},"categories":[31],"tags":[],"class_list":["post-1051","post","type-post","status-publish","format-standard","has-post-thumbnail","hentry","category-blog"],"mb":[],"acf":{"autor_de_la_publicacion":{"simple_value_formatted":"Eduardo Andr\u00e9s Valle Heredia ","value_formatted":"Eduardo Andr\u00e9s Valle Heredia ","value":"Eduardo Andr\u00e9s Valle Heredia ","field":{"ID":268,"key":"field_68497f4bb77ce","label":"Autor de la Publicaci\u00f3n","name":"autor_de_la_publicacion","aria-label":"","prefix":"acf","type":"text","value":null,"menu_order":0,"instructions":"","required":0,"id":"","class":"","conditional_logic":0,"parent":267,"wrapper":{"width":"","class":"","id":""},"default_value":"autor_de_la_publicacion","maxlength":"","allow_in_bindings":0,"placeholder":"","prepend":"","append":"","_name":"autor_de_la_publicacion","_valid":1}}},"mfb_rest_fields":["title"],"_links":{"self":[{"href":"https:\/\/pluralizar.org\/index.php\/wp-json\/wp\/v2\/posts\/1051","targetHints":{"allow":["GET"]}}],"collection":[{"href":"https:\/\/pluralizar.org\/index.php\/wp-json\/wp\/v2\/posts"}],"about":[{"href":"https:\/\/pluralizar.org\/index.php\/wp-json\/wp\/v2\/types\/post"}],"author":[{"embeddable":true,"href":"https:\/\/pluralizar.org\/index.php\/wp-json\/wp\/v2\/users\/5"}],"replies":[{"embeddable":true,"href":"https:\/\/pluralizar.org\/index.php\/wp-json\/wp\/v2\/comments?post=1051"}],"version-history":[{"count":7,"href":"https:\/\/pluralizar.org\/index.php\/wp-json\/wp\/v2\/posts\/1051\/revisions"}],"predecessor-version":[{"id":1121,"href":"https:\/\/pluralizar.org\/index.php\/wp-json\/wp\/v2\/posts\/1051\/revisions\/1121"}],"wp:featuredmedia":[{"embeddable":true,"href":"https:\/\/pluralizar.org\/index.php\/wp-json\/wp\/v2\/media\/1064"}],"wp:attachment":[{"href":"https:\/\/pluralizar.org\/index.php\/wp-json\/wp\/v2\/media?parent=1051"}],"wp:term":[{"taxonomy":"category","embeddable":true,"href":"https:\/\/pluralizar.org\/index.php\/wp-json\/wp\/v2\/categories?post=1051"},{"taxonomy":"post_tag","embeddable":true,"href":"https:\/\/pluralizar.org\/index.php\/wp-json\/wp\/v2\/tags?post=1051"}],"curies":[{"name":"wp","href":"https:\/\/api.w.org\/{rel}","templated":true}]}}